{"id":26726,"date":"2024-11-05T12:52:32","date_gmt":"2024-11-05T12:52:32","guid":{"rendered":"https:\/\/raons.coop\/?p=26726"},"modified":"2024-11-06T10:08:53","modified_gmt":"2024-11-06T10:08:53","slug":"como-impulsar-las-metodologias-deliberativas-en-el-mundo-local","status":"publish","type":"post","link":"https:\/\/raons.coop\/es\/blog\/como-impulsar-las-metodologias-deliberativas-en-el-mundo-local\/","title":{"rendered":"\u00bfC\u00f3mo impulsar las metodolog\u00edas deliberativas en el mundo local?"},"content":{"rendered":"<p><em>Fuente imagen: <img loading=\"lazy\" src=\"https:\/\/raons.coop\/wp-content\/uploads\/2024\/11\/cuadrado-sin-preguntas.jpg\" alt=\"\" width=\"1\" height=\"1\" \/><a href=\"https:\/\/www.claratanit.com\/\">@claratanit<\/a> <\/em><\/p>\n<p><strong>Asambleas ciudadanas, jurados o paneles ciudadanos\u2026 \u00faltimamente proliferan los procesos en los que se convoca una muestra representativa de la ciudadan\u00eda para tomar decisiones estrat\u00e9gicas en pol\u00edticas p\u00fablicas. Cada vez hay m\u00e1s administraciones que se plantean impulsar m\u00e9todos deliberativos, pero existen muchas dudas sobre c\u00f3mo llevarlos a cabo y qu\u00e9 recursos requieren. Desde Raons, a ra\u00edz de nuestra experiencia en la dinamizaci\u00f3n de la <a href=\"https:\/\/www.barcelona.cat\/barcelona-pel-clima\/es\/la-ciudadania-responde\/asamblea-ciudadana-para-el-clima\">Asamblea Ciudadana por el Clima de Barcelona<\/a> y de la <a href=\"https:\/\/participa.gencat.cat\/processes\/assembleaclima\">Asamblea Ciudadana por el Clima de Catalu\u00f1a<\/a>, nos hemos propuesto abrir un espacio de reflexi\u00f3n entre equipos t\u00e9cnicos de administraciones p\u00fablicas y profesionales de la participaci\u00f3n para impulsar estos procesos, especialmente en cuanto a municipios peque\u00f1os y medios, territorios que llevamos acompa\u00f1ando desde hace m\u00e1s de 10 a\u00f1os.<\/strong><\/p>\n<p><span class=\"HwtZe\" lang=\"es\"><span class=\"jCAhz ChMk0b\"><span class=\"ryNqvb\">El 15 de octubre de 2024, en el Can\u00f3dromo de Barcelona, \u200b\u200ben el marco del <a href=\"https:\/\/openspaces.platoniq.net\/conferences\/FDCD?locale=ca\">Foro sobre Deliberaci\u00f3n, Creatividad y Democracia<\/a>, organizamos una jornada con el objetivo de intercambiar ideas y experiencias y debatir sobre las metodolog\u00edas deliberativas aplicadas a los procesos participativos<\/span><\/span> <span class=\"jCAhz\"><span class=\"ryNqvb\">.<\/span><\/span><\/span><\/p>\n<p><img loading=\"lazy\" class=\"wp-image-26751 size-large alignnone\" src=\"https:\/\/raons.coop\/wp-content\/uploads\/2024\/11\/lucia_presentant-1024x473.jpg\" alt=\"Presentaci\u00f3 de la sessi\u00f3 sobre deliberaci\u00f3 en el m\u00f3n local\" width=\"1024\" height=\"473\" srcset=\"https:\/\/raons.coop\/wp-content\/uploads\/2024\/11\/lucia_presentant-1024x473.jpg 1024w, https:\/\/raons.coop\/wp-content\/uploads\/2024\/11\/lucia_presentant-300x139.jpg 300w, https:\/\/raons.coop\/wp-content\/uploads\/2024\/11\/lucia_presentant-768x355.jpg 768w, https:\/\/raons.coop\/wp-content\/uploads\/2024\/11\/lucia_presentant-1536x709.jpg 1536w, https:\/\/raons.coop\/wp-content\/uploads\/2024\/11\/lucia_presentant-2048x946.jpg 2048w\" sizes=\"(max-width: 1024px) 100vw, 1024px\" \/><em>Fuente imagen: <a href=\"http:\/\/journal.platoniq.net\/\">Fundaci\u00f3 Platoniq<\/a><\/em><\/p>\n<p><span class=\"HwtZe\" lang=\"es\"><span class=\"jCAhz ChMk0b\"><span class=\"ryNqvb\">Actualmente los procesos participativos en el \u00e1mbito local tienen el reto de ampliar la diversidad de personas que participan y de tratar tem\u00e1ticas que quedan en el caj\u00f3n por miedo al conflicto o por falta de consenso.<\/span><\/span> <span class=\"jCAhz ChMk0b\"><span class=\"ryNqvb\">Las metodolog\u00edas deliberativas son una oportunidad para impulsar un cambio de paradigma que aporte esperanza y ofrece un espacio para la innovaci\u00f3n.<\/span><\/span> <span class=\"jCAhz ChMk0b\"><span class=\"ryNqvb\">Hablamos de ello con Oliver Escobar, catedr\u00e1tico de Public Policy and Democratic Innovation en la University of Edinburgh, quien se\u00f1al\u00f3 diferentes aspectos a tener en cuenta para promover los procesos deliberativos en el mundo local.<\/span><\/span><\/span><\/p>\n<p><iframe loading=\"lazy\" title=\"Oliver Escobar sobre com promoure els processos deliberatius en el m\u00f3n local\" width=\"500\" height=\"281\" src=\"https:\/\/www.youtube.com\/embed\/jt_HUO8vsyQ?feature=oembed\" frameborder=\"0\" allow=\"accelerometer; autoplay; clipboard-write; encrypted-media; gyroscope; picture-in-picture; web-share\" referrerpolicy=\"strict-origin-when-cross-origin\" allowfullscreen><\/iframe><\/p>\n<p><em>Fuente v\u00eddeo: propia<\/em><\/p>\n<p><span class=\"HwtZe\" lang=\"es\"><span class=\"jCAhz ChMk0b\"><span class=\"ryNqvb\">A continuaci\u00f3n compartimos una mesa redonda diferentes expertas que nos relataron su experiencia en la implementaci\u00f3n de metodolog\u00edas deliberativas.<\/span><\/span><\/span><\/p>\n<p><img loading=\"lazy\" class=\"size-large wp-image-26757 alignnone\" src=\"https:\/\/raons.coop\/wp-content\/uploads\/2024\/11\/taula_rodona-1024x682.jpg\" alt=\"Taula rodona sobre la deliberaci\u00f3 en el m\u00f3n local\" width=\"1024\" height=\"682\" srcset=\"https:\/\/raons.coop\/wp-content\/uploads\/2024\/11\/taula_rodona-1024x682.jpg 1024w, https:\/\/raons.coop\/wp-content\/uploads\/2024\/11\/taula_rodona-300x200.jpg 300w, https:\/\/raons.coop\/wp-content\/uploads\/2024\/11\/taula_rodona-768x512.jpg 768w, https:\/\/raons.coop\/wp-content\/uploads\/2024\/11\/taula_rodona-1536x1023.jpg 1536w, https:\/\/raons.coop\/wp-content\/uploads\/2024\/11\/taula_rodona-2048x1364.jpg 2048w\" sizes=\"(max-width: 1024px) 100vw, 1024px\" \/><em>Fuente imagen: <a href=\"http:\/\/journal.platoniq.net\/\">Fundaci\u00f3 Platoniq<\/a><\/em><\/p>\n<p><span class=\"HwtZe\" lang=\"es\"><span class=\"jCAhz ChMk0b\"><span class=\"ryNqvb\">Durante la mesa redonda aparecieron algunas preguntas sobre c\u00f3mo implementar adecuadamente metodolog\u00edas deliberativas en los procesos participativos.<\/span><\/span><\/span><\/p>\n<p><img loading=\"lazy\" class=\"size-large wp-image-26760 alignnone\" src=\"https:\/\/raons.coop\/wp-content\/uploads\/2024\/11\/relato_preguntes-1024x423.jpg\" alt=\"Preguntes sobre la deliberaci\u00f3 en el m\u00f3n local\" width=\"1024\" height=\"423\" srcset=\"https:\/\/raons.coop\/wp-content\/uploads\/2024\/11\/relato_preguntes-1024x423.jpg 1024w, https:\/\/raons.coop\/wp-content\/uploads\/2024\/11\/relato_preguntes-300x124.jpg 300w, https:\/\/raons.coop\/wp-content\/uploads\/2024\/11\/relato_preguntes-768x317.jpg 768w, https:\/\/raons.coop\/wp-content\/uploads\/2024\/11\/relato_preguntes-1536x634.jpg 1536w, https:\/\/raons.coop\/wp-content\/uploads\/2024\/11\/relato_preguntes-2048x846.jpg 2048w\" sizes=\"(max-width: 1024px) 100vw, 1024px\" \/><em>Fuente imagen: <img loading=\"lazy\" src=\"https:\/\/raons.coop\/wp-content\/uploads\/2024\/11\/cuadrado-sin-preguntas.jpg\" alt=\"\" width=\"1\" height=\"1\" \/><a href=\"https:\/\/www.claratanit.com\/\">@claratanit<\/a> <\/em><\/p>\n<p><span class=\"HwtZe\" lang=\"es\"><span class=\"jCAhz ChMk0b\"><span class=\"ryNqvb\">Para darles respuesta, pedimos a las participantes en la mesa redonda que nos dejaran ideas clave que quer\u00edan transmitir a nivel de conclusiones:<\/span><\/span><\/span><\/p>\n<ul>\n<li><span class=\"yt-core-attributed-string yt-core-attributed-string--white-space-pre-wrap\" dir=\"auto\"><span class=\"yt-core-attributed-string--link-inherit-color\" dir=\"auto\">Daniel Tarrag\u00f3, socio-Director de <a href=\"https:\/\/neopolis.cat\/\">Ne\u00f2polis<\/a>, <span class=\"HwtZe\" lang=\"es\"><span class=\"jCAhz ChMk0b\"><span class=\"ryNqvb\">resalt\u00f3 durante su intervenci\u00f3n la experiencia de Ne\u00f2polis en Olot en la <a href=\"https:\/\/seu-e.cat\/documents\/674390\/8280911\/DRET+NO+DISCRIMINACI%C3%93.pdf\/96bdbff9-788b-4d26-82e5-54cf8678f3c5\">diagnosis sobre la discriminaci\u00f3n en el acceso a la vivienda<\/a> y nos quiso se\u00f1alar que, ante todo, hab\u00eda que poner el foco en dar tiempo y espacio suficiente a<\/span><\/span> <span class=\"jCAhz ChMk0b\"><span class=\"ryNqvb\">las personas participantes para deliberar<\/span><\/span><\/span>va.<br \/>\n<\/span><\/span><\/li>\n<\/ul>\n<p><iframe loading=\"lazy\" title=\"Daniel Tarrag\u00f3 sobre els aspectes a tenir en compte en un proc\u00e9s deliberatiu al m\u00f3n local\" width=\"500\" height=\"281\" src=\"https:\/\/www.youtube.com\/embed\/y8MTI-7c_uc?feature=oembed\" frameborder=\"0\" allow=\"accelerometer; autoplay; clipboard-write; encrypted-media; gyroscope; picture-in-picture; web-share\" referrerpolicy=\"strict-origin-when-cross-origin\" allowfullscreen><\/iframe><\/p>\n<p><em>Fuente v\u00eddeo: <a href=\"http:\/\/journal.platoniq.net\/\">Fundaci\u00f3 Platoniq<\/a><\/em><\/p>\n<ul>\n<li><span class=\"yt-core-attributed-string yt-core-attributed-string--white-space-pre-wrap\" dir=\"auto\"><span class=\"yt-core-attributed-string--link-inherit-color\" dir=\"auto\"><span class=\"HwtZe\" lang=\"es\"><span class=\"jCAhz ChMk0b\"><span class=\"ryNqvb\">Pablo Garcia, responsable de proyectos estrat\u00e9gicos de la subdirecci\u00f3n general de Participaci\u00f3n Ciudadana de la Generalidad de Catalu\u00f1a, explic\u00f3 c\u00f3mo plantearon desde la Generalidad de Catalu\u00f1a la <a href=\"https:\/\/participa.gencat.cat\/processes\/assembleaclima\">Asamblea Ciudadana por el Clima de Catalu\u00f1a<\/a> y nos relat\u00f3 c\u00f3mo, desde su experiencia<\/span><\/span><span class=\"jCAhz ChMk0b\"><span class=\"ryNqvb\">, los procesos deliberativos son especialmente interesantes para dar respuesta a dilemas pol\u00edticos, es decir, aqu\u00e9llos que requieren consenso y no se resuelven s\u00f3lo a trav\u00e9s de una soluci\u00f3n t\u00e9cnica.<\/span><\/span><\/span><br \/>\n<\/span><\/span><\/li>\n<\/ul>\n<p><iframe loading=\"lazy\" title=\"Pablo Garcia sobre la deliberaci\u00f3 com a estrat\u00e8gia per a tractar dilemes pol\u00edtics\" width=\"500\" height=\"281\" src=\"https:\/\/www.youtube.com\/embed\/8t_jIQ8ubcs?feature=oembed\" frameborder=\"0\" allow=\"accelerometer; autoplay; clipboard-write; encrypted-media; gyroscope; picture-in-picture; web-share\" referrerpolicy=\"strict-origin-when-cross-origin\" allowfullscreen><\/iframe><\/p>\n<p><em>Fuente v\u00eddeo: <a href=\"http:\/\/journal.platoniq.net\/\">Fundaci\u00f3 Platoniq<\/a><\/em><\/p>\n<ul>\n<li><span class=\"HwtZe\" lang=\"es\"><span class=\"jCAhz ChMk0b\"><span class=\"ryNqvb\">Asimismo, Daniel Tarrag\u00f3, quiso insistir en que para implementar pol\u00edticas p\u00fablicas reales es necesario trabajar internamente con una comisi\u00f3n pol\u00edtico-t\u00e9cnica.<\/span><\/span><\/span><\/li>\n<\/ul>\n<p><iframe loading=\"lazy\" title=\"Daniel Tarrag\u00f3 sobre l\u2019estrat\u00e8gia a seguir perqu\u00e8 les recomanacions acabin sent pol\u00edtiques p\u00fabliques\" width=\"500\" height=\"281\" src=\"https:\/\/www.youtube.com\/embed\/P7ImempKH5M?feature=oembed\" frameborder=\"0\" allow=\"accelerometer; autoplay; clipboard-write; encrypted-media; gyroscope; picture-in-picture; web-share\" referrerpolicy=\"strict-origin-when-cross-origin\" allowfullscreen><\/iframe><\/p>\n<p><em>Fuente v\u00eddeo: <a href=\"http:\/\/journal.platoniq.net\/\">Fundaci\u00f3 Platoniq<\/a><\/em><\/p>\n<ul>\n<li><span class=\"HwtZe\" lang=\"es\"><span class=\"jCAhz ChMk0b\"><span class=\"ryNqvb\">Arantxa Mendiharat, co-fundadora y co-directora de <a href=\"https:\/\/deliberativa.org\/\">@Deliberativa<\/a>, enfatizaba la necesidad de que los procesos deliberativos no sean impulsados \u200b\u200b\u00fanicamente por la iniciativa de un gobierno sino que la gobernanza de un proceso debe incluir el compromiso de diferentes agentes<\/span><\/span> <span class=\"jCAhz ChMk0b\"><span class=\"ryNqvb\">p\u00fablicos y sociales.<\/span><\/span><\/span><\/li>\n<\/ul>\n<p><iframe loading=\"lazy\" title=\"Arantxa Mendiharat sobre el comprom\u00eds d\u2019agents p\u00fablics i socials en els processos de deliberaci\u00f3\" width=\"500\" height=\"281\" src=\"https:\/\/www.youtube.com\/embed\/YffvooLq9t8?feature=oembed\" frameborder=\"0\" allow=\"accelerometer; autoplay; clipboard-write; encrypted-media; gyroscope; picture-in-picture; web-share\" referrerpolicy=\"strict-origin-when-cross-origin\" allowfullscreen><\/iframe><\/p>\n<p><em>Fuente v\u00eddeo: <a href=\"http:\/\/journal.platoniq.net\/\">Fundaci\u00f3 Platoniq<\/a><\/em><\/p>\n<ul>\n<li><span class=\"HwtZe\" lang=\"es\"><span class=\"jCAhz ChMk0b\"><span class=\"ryNqvb\">Garikoitz Lekuona, responsable t\u00e9cnico de Comunidad y Gobernanza del Ayuntamiento de Tolosa, comparti\u00f3 los principales aprendizajes del Ayuntamiento de Tolosa despu\u00e9s de organizar una <a href=\"https:\/\/udala.tolosa.eus\/sites\/default\/files\/Tolosako%20Herritarren%20Batzarra_Gomendioak.pdf\">asamblea ciudadana sobre salud y bienestar emocional<\/a>, enfatizaba la necesidad de que los procesos deliberativos se centren en<\/span><\/span> <span class=\"jCAhz ChMk0b\"><span class=\"ryNqvb\">que las soluciones sean de aplicaci\u00f3n.<\/span><\/span><\/span><\/li>\n<\/ul>\n<p><iframe loading=\"lazy\" title=\"Garikoitz Lekuona sobre com es poden impulsar solucions tangibles a trav\u00e9s de processos deliberatius\" width=\"500\" height=\"281\" src=\"https:\/\/www.youtube.com\/embed\/snvARPCPe8M?feature=oembed\" frameborder=\"0\" allow=\"accelerometer; autoplay; clipboard-write; encrypted-media; gyroscope; picture-in-picture; web-share\" referrerpolicy=\"strict-origin-when-cross-origin\" allowfullscreen><\/iframe><\/p>\n<p><em>Fuente v\u00eddeo: <a href=\"http:\/\/journal.platoniq.net\/\">Fundaci\u00f3 Platoniq<\/a><\/em><\/p>\n<ul>\n<li><span class=\"HwtZe\" lang=\"es\"><span class=\"jCAhz ChMk0b\"><span class=\"ryNqvb\">Asimismo, Garikoitz, se\u00f1al\u00f3 que a su juicio, una opci\u00f3n para asegurar el cumplimiento de las recomendaciones ciudadanas ser\u00eda inscribir las propuestas resultantes de los procesos en el registro municipal como moci\u00f3n para el Pleno, garantizando as\u00ed una respuesta tanto pol\u00edtica como t\u00e9cnica.<\/span><\/span><\/span><\/li>\n<\/ul>\n<p><iframe loading=\"lazy\" title=\"Garikoitz Lekuona sobre com implicar persones a nivell t\u00e8cnic i pol\u00edtic en les recomanacions\" width=\"500\" height=\"281\" src=\"https:\/\/www.youtube.com\/embed\/dSsL01vQ1SY?feature=oembed\" frameborder=\"0\" allow=\"accelerometer; autoplay; clipboard-write; encrypted-media; gyroscope; picture-in-picture; web-share\" referrerpolicy=\"strict-origin-when-cross-origin\" allowfullscreen><\/iframe><\/p>\n<p><em>Fuente v\u00eddeo: <a href=\"http:\/\/journal.platoniq.net\/\">Fundaci\u00f3 Platoniq<\/a><\/em><\/p>\n<ul>\n<li><span class=\"HwtZe\" lang=\"es\"><span class=\"jCAhz ChMk0b\"><span class=\"ryNqvb\">En \u00faltimo t\u00e9rmino, Carola Castell\u00e0, jefa de la Oficina T\u00e9cnica de Participaci\u00f3n para los Gobiernos Locales en Diputaci\u00f3 de Barcelona, \u200b\u200bcomparti\u00f3 las estrategias que sigue la Diputaci\u00f3 de Barcelona para impulsar los procesos deliberativos.<\/span><\/span><\/span><\/li>\n<\/ul>\n<p><iframe loading=\"lazy\" title=\"Carola Castell\u00e0 sobre qu\u00e8 fa la DIBA per impulsar els processos deliberatius\" width=\"500\" height=\"281\" src=\"https:\/\/www.youtube.com\/embed\/PwyhCjElweU?feature=oembed\" frameborder=\"0\" allow=\"accelerometer; autoplay; clipboard-write; encrypted-media; gyroscope; picture-in-picture; web-share\" referrerpolicy=\"strict-origin-when-cross-origin\" allowfullscreen><\/iframe><\/p>\n<p><em>Fuente v\u00eddeo: <a href=\"http:\/\/journal.platoniq.net\/\">Fundaci\u00f3 Platoniq<\/a><\/em><\/p>\n<p><span class=\"HwtZe\" lang=\"es\"><span class=\"jCAhz ChMk0b\"><span class=\"ryNqvb\">Despu\u00e9s de escuchar a las personas expertas llevamos a cabo una cata de experiencia deliberativa con las personas asistentes.<\/span><\/span><\/span><\/p>\n<p><img loading=\"lazy\" class=\"wp-image-26748 size-large alignnone\" src=\"https:\/\/raons.coop\/wp-content\/uploads\/2024\/11\/taula_alicia-e1730809298706-975x1024.jpg\" alt=\"Taula de debat sobre deliberaci\u00f3 en el m\u00f3n local\" width=\"975\" height=\"1024\" srcset=\"https:\/\/raons.coop\/wp-content\/uploads\/2024\/11\/taula_alicia-e1730809298706-975x1024.jpg 975w, https:\/\/raons.coop\/wp-content\/uploads\/2024\/11\/taula_alicia-e1730809298706-286x300.jpg 286w, https:\/\/raons.coop\/wp-content\/uploads\/2024\/11\/taula_alicia-e1730809298706-768x806.jpg 768w, https:\/\/raons.coop\/wp-content\/uploads\/2024\/11\/taula_alicia-e1730809298706.jpg 1200w\" sizes=\"(max-width: 975px) 100vw, 975px\" \/><em>Fuente imagen: <a href=\"http:\/\/journal.platoniq.net\/\">Fundaci\u00f3 Platoniq<\/a><\/em><\/p>\n<p><span class=\"HwtZe\" lang=\"es\"><span class=\"jCAhz ChMk0b\"><span class=\"ryNqvb\">A trav\u00e9s de una serie de mesas de trabajo cuyo objetivo era definir <strong>fortalezas, oportunidades y necesidades<\/strong> de los procesos deliberativos en el mundo local.<\/span><\/span><\/span><\/p>\n<p><img loading=\"lazy\" class=\"size-large wp-image-26766 alignnone\" src=\"https:\/\/raons.coop\/wp-content\/uploads\/2024\/11\/relato_taules-642x1024.jpg\" alt=\"Fortaleses, oportunitats i necessitats de la deliberaci\u00f3 en el m\u00f3n local\" width=\"642\" height=\"1024\" srcset=\"https:\/\/raons.coop\/wp-content\/uploads\/2024\/11\/relato_taules-642x1024.jpg 642w, https:\/\/raons.coop\/wp-content\/uploads\/2024\/11\/relato_taules-188x300.jpg 188w, https:\/\/raons.coop\/wp-content\/uploads\/2024\/11\/relato_taules-768x1226.jpg 768w, https:\/\/raons.coop\/wp-content\/uploads\/2024\/11\/relato_taules-963x1536.jpg 963w, https:\/\/raons.coop\/wp-content\/uploads\/2024\/11\/relato_taules-1283x2048.jpg 1283w, https:\/\/raons.coop\/wp-content\/uploads\/2024\/11\/relato_taules-scaled.jpg 1604w\" sizes=\"(max-width: 642px) 100vw, 642px\" \/><\/p>\n<p><em>Fuente imagen: <img loading=\"lazy\" src=\"https:\/\/raons.coop\/wp-content\/uploads\/2024\/11\/cuadrado-sin-preguntas.jpg\" alt=\"\" width=\"1\" height=\"1\" \/><a href=\"https:\/\/www.claratanit.com\/\">@claratanit<\/a><\/em><\/p>\n<p><span class=\"HwtZe\" lang=\"es\"><span class=\"jCAhz ChMk0b\"><span class=\"ryNqvb\">Con esto acabamos la cr\u00f3nica de una jornada en la que participaron representantes de las siguientes administraciones e instituciones: la Oficina T\u00e9cnica de Participaci\u00f3n para los Gobiernos Locales de la Diputaci\u00f3n de Barcelona, \u200b\u200bla Subdirecci\u00f3n General de Participaci\u00f3n Ciudadana de la Generalidad de Catalu\u00f1a y la<\/span><\/span> <span class=\"jCAhz ChMk0b\"><span class=\"ryNqvb\">Universidad Aut\u00f3noma de Barcelona, \u200b\u200bUniversidad Nacional de Piura.<\/span><\/span> <span class=\"jCAhz ChMk0b\"><span class=\"ryNqvb\">Como representantes del mundo local, han estado presentes los ayuntamientos de Barcelona, \u200b\u200bEsplugues de Llobregat, Mollet del Vall\u00e9s, Olesa de Montserrat, Palam\u00f3s, Sitges, Terrassa y Toulouse (Guip\u00fazcoa).<\/span><\/span> <span class=\"jCAhz ChMk0b\"><span class=\"ryNqvb\">Y donde nos acompa\u00f1aron tambi\u00e9n muchos profesionales de la participaci\u00f3n: @Deliberativa, C\u00f3digo Tramuntana, Colectic, Cooperativa Coonvite, CoopSoc, EDAS SL, Fundaci\u00f3n Francesc Ferrer i Guardia, Ibatuz Gobierno Abierto, Incoop,\u00a0INDIC, La Bastida, Momentum Lab, Ne\u00f3polis,<\/span><\/span> <span class=\"jCAhz\"><span class=\"ryNqvb\">Platoniq y Qu\u00f3rum.<\/span><\/span><\/span><\/p>\n<p><img loading=\"lazy\" class=\"size-large wp-image-26754 alignnone\" src=\"https:\/\/raons.coop\/wp-content\/uploads\/2024\/11\/tothom-1024x682.jpg\" alt=\"Fotografia de les persones assistents a la jornada\" width=\"1024\" height=\"682\" srcset=\"https:\/\/raons.coop\/wp-content\/uploads\/2024\/11\/tothom-1024x682.jpg 1024w, https:\/\/raons.coop\/wp-content\/uploads\/2024\/11\/tothom-300x200.jpg 300w, https:\/\/raons.coop\/wp-content\/uploads\/2024\/11\/tothom-768x512.jpg 768w, https:\/\/raons.coop\/wp-content\/uploads\/2024\/11\/tothom-1536x1023.jpg 1536w, https:\/\/raons.coop\/wp-content\/uploads\/2024\/11\/tothom-2048x1364.jpg 2048w\" sizes=\"(max-width: 1024px) 100vw, 1024px\" \/><em>Fuente imagen: <a href=\"http:\/\/journal.platoniq.net\/\">Fundaci\u00f3 Platoniq<\/a><\/em><\/p>\n<p><span class=\"HwtZe\" lang=\"es\"><span class=\"jCAhz ChMk0b\"><span class=\"ryNqvb\">Con la experiencia de los procesos deliberativos coordinados y con las principales conclusiones de la jornada, nos hemos decidido a elaborar <span style=\"text-decoration: underline;\"><strong>5 claves para impulsar procesos deliberativos en el mundo local:<\/strong> <\/span><\/span><\/span><\/span><\/p>\n<p><span class=\"HwtZe\" lang=\"es\"><span class=\"jCAhz ChMk0b\"><span class=\"ryNqvb\"><strong>1.-<\/strong> <strong>Las recomendaciones ciudadanas<\/strong> deben ser un <strong>conjunto de valores<\/strong> aceptados por las participantes, deben tener car\u00e1cter general, deben servir para evaluar propuestas t\u00e9cnicas y deben ser la base para el despliegue de las pol\u00edticas p\u00fablicas en la materia. <\/span><\/span><\/span><\/p>\n<p><span class=\"HwtZe\" lang=\"es\"><span class=\"jCAhz ChMk0b\"><span class=\"ryNqvb\"><strong>2.- Definir un dilema pol\u00edtico concreto<\/strong> que afecte a las personas participantes, que genere controversia y deba abordarse de forma compleja. <\/span><\/span><\/span><\/p>\n<p><span class=\"HwtZe\" lang=\"es\"><span class=\"jCAhz ChMk0b\"><span class=\"ryNqvb\"><strong>3.-<\/strong> Disponer de una <strong>comisi\u00f3n pol\u00edtico-t\u00e9cnica y de un mecanismo regulado de autorizaci\u00f3n<\/strong> que asegure la implementaci\u00f3n de resultados, la continuidad de estos procesos y su vinculaci\u00f3n con otros instrumentos de participaci\u00f3n pol\u00edtica. <\/span><\/span><\/span><\/p>\n<p><span class=\"HwtZe\" lang=\"es\"><span class=\"jCAhz ChMk0b\"><span class=\"ryNqvb\"><strong>4.-<\/strong> El <strong>impulso<\/strong> del proceso no puede venir en clave ideol\u00f3gica sino que debe ser diverso y debe estar <strong>definido entre agentes p\u00fablicos y sociales<\/strong>.<\/span><\/span><\/span><\/p>\n<p><span class=\"HwtZe\" lang=\"es\"><span class=\"jCAhz ChMk0b\"><span class=\"ryNqvb\"><strong>5.- Sistematizar la evaluaci\u00f3n<\/strong> para ir creando conocimiento y est\u00e1ndares sobre los procesos deliberativos y para ir recogiendo las discrepancias y consensos ciudadanos sobre la materia que se trata. <\/span><\/span><\/span><\/p>\n<p>&nbsp;<\/p>\n<p><span class=\"HwtZe\" lang=\"es\"><span class=\"jCAhz\"><span class=\"ryNqvb\">Un proyecto financiado con el apoyo de:<\/span><\/span><\/span><\/p>\n<p><img loading=\"lazy\" class=\"alignleft wp-image-26800 \" src=\"https:\/\/raons.coop\/wp-content\/uploads\/2024\/11\/diba-300x99.png\" alt=\"Diputaci\u00f3 de Barcelona\" width=\"219\" height=\"72\" srcset=\"https:\/\/raons.coop\/wp-content\/uploads\/2024\/11\/diba-300x99.png 300w, https:\/\/raons.coop\/wp-content\/uploads\/2024\/11\/diba.png 389w\" sizes=\"(max-width: 219px) 100vw, 219px\" \/><\/p>\n"},"excerpt":{"rendered":"<p>Fuente imagen: @claratanit Asambleas ciudadanas, jurados o paneles ciudadanos\u2026 \u00faltimamente proliferan los procesos en los que se convoca una muestra representativa de la ciudadan\u00eda para tomar decisiones estrat\u00e9gicas en pol\u00edticas p\u00fablicas. Cada vez hay m\u00e1s administraciones que se plantean impulsar m\u00e9todos deliberativos, pero existen muchas dudas sobre c\u00f3mo llevarlos a cabo y qu\u00e9 recursos requieren. [&hellip;]<\/p>\n","protected":false},"author":4,"featured_media":26732,"comment_status":"open","ping_status":"open","sticky":false,"template":"","format":"standard","meta":[],"categories":[205],"tags":[],"post_author":[],"acf":{"main_image":{"ID":26732,"id":26732,"title":"relatograma","filename":"relatograma.png","filesize":2400006,"url":"https:\/\/raons.coop\/wp-content\/uploads\/2024\/11\/relatograma.png","link":"https:\/\/raons.coop\/es\/blog\/como-impulsar-las-metodologias-deliberativas-en-el-mundo-local\/relatograma-2\/","alt":"La deliberaci\u00f3 al m\u00f3n local","author":"4","description":"La deliberaci\u00f3 al m\u00f3n local","caption":"La deliberaci\u00f3 al m\u00f3n local","name":"relatograma-2","status":"inherit","uploaded_to":26726,"date":"2024-11-04 23:01:00","modified":"2024-11-04 23:01:22","menu_order":0,"mime_type":"image\/png","type":"image","subtype":"png","icon":"https:\/\/raons.coop\/wp-includes\/images\/media\/default.png","width":2500,"height":1225,"sizes":{"thumbnail":"https:\/\/raons.coop\/wp-content\/uploads\/2024\/11\/relatograma-150x150.png","thumbnail-width":150,"thumbnail-height":150,"medium":"https:\/\/raons.coop\/wp-content\/uploads\/2024\/11\/relatograma-300x147.png","medium-width":300,"medium-height":147,"medium_large":"https:\/\/raons.coop\/wp-content\/uploads\/2024\/11\/relatograma-768x376.png","medium_large-width":768,"medium_large-height":376,"large":"https:\/\/raons.coop\/wp-content\/uploads\/2024\/11\/relatograma-1024x502.png","large-width":1024,"large-height":502,"1536x1536":"https:\/\/raons.coop\/wp-content\/uploads\/2024\/11\/relatograma-1536x753.png","1536x1536-width":1536,"1536x1536-height":753,"2048x2048":"https:\/\/raons.coop\/wp-content\/uploads\/2024\/11\/relatograma-2048x1004.png","2048x2048-width":2048,"2048x2048-height":1004}},"authorship":false,"related_posts":""},"_links":{"self":[{"href":"https:\/\/raons.coop\/es\/wp-json\/wp\/v2\/posts\/26726"}],"collection":[{"href":"https:\/\/raons.coop\/es\/wp-json\/wp\/v2\/posts"}],"about":[{"href":"https:\/\/raons.coop\/es\/wp-json\/wp\/v2\/types\/post"}],"author":[{"embeddable":true,"href":"https:\/\/raons.coop\/es\/wp-json\/wp\/v2\/users\/4"}],"replies":[{"embeddable":true,"href":"https:\/\/raons.coop\/es\/wp-json\/wp\/v2\/comments?post=26726"}],"version-history":[{"count":6,"href":"https:\/\/raons.coop\/es\/wp-json\/wp\/v2\/posts\/26726\/revisions"}],"predecessor-version":[{"id":26816,"href":"https:\/\/raons.coop\/es\/wp-json\/wp\/v2\/posts\/26726\/revisions\/26816"}],"wp:featuredmedia":[{"embeddable":true,"href":"https:\/\/raons.coop\/es\/wp-json\/wp\/v2\/media\/26732"}],"wp:attachment":[{"href":"https:\/\/raons.coop\/es\/wp-json\/wp\/v2\/media?parent=26726"}],"wp:term":[{"taxonomy":"category","embeddable":true,"href":"https:\/\/raons.coop\/es\/wp-json\/wp\/v2\/categories?post=26726"},{"taxonomy":"post_tag","embeddable":true,"href":"https:\/\/raons.coop\/es\/wp-json\/wp\/v2\/tags?post=26726"},{"taxonomy":"post_author","embeddable":true,"href":"https:\/\/raons.coop\/es\/wp-json\/wp\/v2\/post_author?post=26726"}],"curies":[{"name":"wp","href":"https:\/\/api.w.org\/{rel}","templated":true}]}}