{"id":26586,"date":"2023-12-20T21:57:30","date_gmt":"2023-12-20T21:57:30","guid":{"rendered":"https:\/\/raons.coop\/blog\/raons-un-cami-que-va-comencar-el-2009\/"},"modified":"2023-12-20T22:08:54","modified_gmt":"2023-12-20T22:08:54","slug":"raons-un-cami-que-va-comencar-el-2009","status":"publish","type":"post","link":"https:\/\/raons.coop\/es\/blog\/raons-un-cami-que-va-comencar-el-2009\/","title":{"rendered":"Raons, un camino que comenz\u00f3 en el 2009!"},"content":{"rendered":"<p><span style=\"font-weight: 300;\">Este a\u00f1o la cooperativa RAONS\u00a0 ha celebrado una d\u00e9cada en nuestro local de Poble-sec, pero nuestro camino empez\u00f3 el 2009. A lo largo de estos a\u00f1os hemos evolucionado desde el voluntariado al trabajo profesionalizado.<\/span><\/p>\n<p><span style=\"font-weight: 300;\">La profesionalizaci\u00f3n de RAONS se manifiesta en la mejora y consolidaci\u00f3n de una metodolog\u00eda nacida de la praxis. Este proceso continuo de experimentaci\u00f3n nos ha llevado a trabajar en m\u00e1s de <\/span><b>300 proyectos<\/b><span style=\"font-weight: 300;\"> vinculados a la participaci\u00f3n ciudadana.<\/span><\/p>\n<p><span style=\"font-weight: 300;\">Durante este tiempo, RAONS ha transitado por tres etapas significativas. Inicialmente, form\u00e1bamos parte de la <\/span><b>cooperaci\u00f3n local<\/b><span style=\"font-weight: 300;\"> de la ONG\u00a0 Arquitectos sin Fronteras, despu\u00e9s nos consolidamos como <\/span><b>asociaci\u00f3n<\/b><span style=\"font-weight: 300;\"> y finalmente, en 2015, nos convertimos en la <\/span><b>cooperativa <\/b><span style=\"font-weight: 300;\">RAONS P\u00daBLIQUES SCCL.\u00a0<\/span><\/p>\n<p>&nbsp;<\/p>\n<p><strong>UNA REFLEXI\u00d3N SOBRE NUESTRA TRAYECTORIA<\/strong><\/p>\n<p><span style=\"font-weight: 300;\">En nuestra primera<\/span> <b>etapa de ACTIVISMO<\/b><span style=\"font-weight: 300;\">, participamos en el concurso Racons P\u00fablics, donde ganamos un premio al presentar un proyecto co-dise\u00f1ado con el vecindario. Este fue nuestro pistoletazo de salida, donde comprobamos la fuerza de preguntar a la ciudadan\u00eda por sus necesidades reales.<\/span><\/p>\n<p><span style=\"font-weight: 300;\">Con el impulso de aquel momento empezamos a experimentar en el entorno a un solar en desuso en el barrio de Fort Pienc, trabajando sobre una diagnosis del barrio. Durante aquella experiencia impulsamos <\/span><b>din\u00e1micas participativas innovadoras<\/b><span style=\"font-weight: 300;\">, proponiendo y mejorando juegos y herramientas para acercarnos a la ciudadan\u00eda, y poder conversar y conocer sus necesidades como personas usuarias del espacio p\u00fablico.<\/span><\/p>\n<p><span style=\"font-weight: 300;\">Lo qu\u00e9 empez\u00f3 como un conjunto de ideas, a lo largo del tiempo se ha ido configurando en una metodolog\u00eda definida. Entre algunas de las herramientas utilizadas, destacamos el <\/span><b>punto de interacci\u00f3n m\u00f3vil, <\/b><span style=\"font-weight: 300;\">que a los inicios denomin\u00e1bamos \u00abcarreto\u00bb, y un juego de <\/span><b>cromos del barrio; <\/b><span style=\"font-weight: 300;\">estas herramientas han ido evolucionado durante los a\u00f1os, y han sido adoptadas por algunas administraciones p\u00fablicas y entidades. <\/span><span style=\"font-weight: 300;\">En aquella \u00e9poca trabajamos en proyectos como la transformaci\u00f3n del patio de la escuela La Pau, trabajando con los ni\u00f1os, o en el concurso Las 9 puertas de Collserola donde trabajamos con varios colectivos, proponiendo un programa de participaci\u00f3n ciudadana para su redacci\u00f3n. Metodol\u00f3gicamente, hab\u00edamos implementado otras herramientas como los <\/span><b>talleres participativos, los recorridos, el mapeo colectivo, y las fichas de observaci\u00f3n.<\/b><\/p>\n<p><span style=\"font-weight: 300;\">El a\u00f1o 2011, a partir del contexto del 15M, las administraciones p\u00fablicas empezaron a interesarse en abordar la participaci\u00f3n ciudadana en la toma de decisiones, desde una perspectiva m\u00e1s democr\u00e1tica. Esto condujo a una expansi\u00f3n de los procesos participativos y a la implementaci\u00f3n de metodolog\u00edas m\u00e1s inclusivas, a fin de incorporar la diversidad de voces ciudadanas.<\/span><\/p>\n<p><span style=\"font-weight: 300;\">Con esta visi\u00f3n de futuro, el grupo que form\u00e1bamos RAONS dimos un paso adelante y en 2013 nos configuramos como <\/span><b>ASOCIACI\u00d3N<\/b><span style=\"font-weight: 300;\">. La configuraci\u00f3n de esta forma jur\u00eddica nos permiti\u00f3 acceder a proyectos como la urbanizaci\u00f3n del Calaix de Sants para la cobertura de la v\u00eda del tren, la transformaci\u00f3n del espacio Coboi a Sant Boi, y el plan de usos de Gracia, entre otros.<\/span><\/p>\n<p><span style=\"font-weight: 300;\">Metodol\u00f3gicamente, fuimos avanzando en el dise\u00f1o de los procesos participativos, y adquiriendo experiencia suficiente para definir cuestiones capitales para su buen desarrollo: desde la definici\u00f3n de las fases con claridad, los l\u00edmites del proceso, el nivel de participaci\u00f3n hasta el marco de trabajo o debate. El a\u00f1o 2013, adem\u00e1s, es el a\u00f1o en que tenemos la posibilidad de alquilar y transformar un local: un espacio de reuni\u00f3n y laboral, pero tambi\u00e9n de relaci\u00f3n con el barrio del Poble-Sec.\u00a0<\/span><\/p>\n<p><span style=\"font-weight: 300;\">Con una proyecci\u00f3n de autoempleo, nos transformamos en <\/span><b>COOPERATIVA<\/b><span style=\"font-weight: 300;\"> en el 2015. En el proceso de transformaci\u00f3n profesional, el grupo fue evolucionando de manera natural y empez\u00f3 un periodo de intercooperaci\u00f3n con otras cooperativas. A partir de este momento el n\u00famero de proyectos empieza a aumentar: entre el a\u00f1o 2015 y el 2020 finalizamos 167 proyectos.<\/span><\/p>\n<p><span style=\"font-weight: 300;\">Entre otros \u00e1mbitos hemos trabajado en <\/span><b>pol\u00edticas p\u00fablicas<\/b><span style=\"font-weight: 300;\">, acompa\u00f1ando a las administraciones en el dise\u00f1o e implementaci\u00f3n de procesos participativos para la toma de decisiones y la incorporaci\u00f3n de la visi\u00f3n de la ciudadan\u00eda en los planes estrat\u00e9gicos y pol\u00edticas p\u00fablicas. Entre este tipo de proyectos, destaca por ejemplo el Plan de alimentaci\u00f3n de la Generalitat (2021), la Agenda Pirineo 2030 (2022) y los presupuestos participativos de diferentes municipios.<\/span><\/p>\n<p><span style=\"font-weight: 300;\">En el \u00e1mbito de <\/span><b>planificaci\u00f3n urbana <\/b><span style=\"font-weight: 300;\">hemos trabajado en diferentes tipolog\u00edas de proyectos relacionados con la planificaci\u00f3n urbana y del territorio, implicando a la ciudadan\u00eda en las diferentes fases de tramitaci\u00f3n de planes y normas. Destacan el plan de usos de Gracia (2014) o el plan de equipamientos del Poble-sec\u00a0 (2019) y el dise\u00f1o y la implementaci\u00f3n de la participaci\u00f3n en POUMs o PDUs, como por ejemplo el de Segre-Rialb (2018) o el entorno de la Colonia G\u00fcell (2021).<\/span><\/p>\n<p><span style=\"font-weight: 300;\">Paralelamente trabajamos en el \u00e1mbito de los <\/span><b>espacios p\u00fablicos y equipamientos<\/b><span style=\"font-weight: 300;\"> con la participaci\u00f3n de los agentes del territorio, para la diagnosis de necesidades y la definici\u00f3n de planes de usos de equipamientos. Son ejemplos el Convento de las Clarisas en Torroella de Montgr\u00ed (2018) o la transformaci\u00f3n de espacios p\u00fablicos como el Firal d\u2019Olot (2016).<\/span><\/p>\n<p><span style=\"font-weight: 300;\">Finalmente tambi\u00e9n ofrecemos nuestro conocimiento a entidades y empresas, para la mejora en la p<\/span><b>articipaci\u00f3n interna de las organizaciones<\/b><span style=\"font-weight: 300;\">, y ofrecemos <\/span><b>formaciones especializadas <\/b><span style=\"font-weight: 300;\">en participaci\u00f3n ciudadana.<\/span><\/p>\n<p><span style=\"font-weight: 300;\">Metodol\u00f3gicamente, la cooperativa experimenta una mejora cualitativa en los proyectos, incorporando nuevas herramientas y metodolog\u00edas como los <\/span><b>portales web de participaci\u00f3n, las encuestas, y el an\u00e1lisis de datos;<\/b><span style=\"font-weight: 300;\"> adem\u00e1s, hemos dise\u00f1ado nuestro propio sistema de sistematizaci\u00f3n y trazabilidad de las propuestas. Esto ha reportado en una mayor transparencia en los procesos y a proporcionar datos gr\u00e1ficos valiosos tanto para la toma de decisiones como para la transparencia de estos procesos. El a\u00f1o 2020, con la coyuntura de la pandemia, hicimos un nuevo salto metodol\u00f3gico al introducir las <\/span><b>herramientas digitales<\/b><span style=\"font-weight: 300;\">, y m\u00e1s all\u00e1 del uso de las <\/span><b>reuniones virtuales<\/b><span style=\"font-weight: 300;\">, incorporamos en nuestras acciones, el uso de <\/span><b>paper\u00f2grafos digitales <\/b><span style=\"font-weight: 300;\">y herramientas de <\/span><b>votaci\u00f3n digital.<\/b><\/p>\n<p><span style=\"font-weight: 300;\">Tras la pandemia y hasta este a\u00f1o, hemos finalizado 109 proyectos, y seguimos trabajando desde la innovaci\u00f3n, implementado metodolog\u00edas con \u201c<\/span><b>minip\u00fablics\u201d<\/b><span style=\"font-weight: 300;\">, por ejemplo en el proyecto de la Asamblea Ciudadana del Clima en Catalu\u00f1a y empezando a reflexionar sobre c\u00f3mo utilizar la <\/span><b>inteligencia artificial<\/b><span style=\"font-weight: 300;\"> en nuestro trabajo.<\/span><\/p>\n<p>&nbsp;<\/p>\n<p>NUESTRA TRAYECTORIA FUTURA<\/p>\n<p><span style=\"font-weight: 300;\">En este periodo hemos hecho varias tareas, incluyendo la consultor\u00eda especializada en participaci\u00f3n ciudadana y planificaci\u00f3n estrat\u00e9gica de pol\u00edticas p\u00fablicas. Hemos dado soporte a equipos t\u00e9cnicos de varias administraciones, como la Generalitat, las Diputaciones y varios ayuntamientos de Catalu\u00f1a. La colaboraci\u00f3n constante con diferentes equipos administrativos nos ha proporcionado una comprensi\u00f3n del funcionamiento interno de las administraciones y una visi\u00f3n global m\u00e1s clara debido a la mirada externa. Despu\u00e9s de 14 a\u00f1os queremos destacar este trabajo y ofrecer un nuevo servicio de <\/span><b>apoyo a procesos colaborativos para equipos t\u00e9cnicos de la administraci\u00f3n p\u00fablica. <\/b><span style=\"font-weight: 300;\">Este servicio busca facilitar la toma de decisiones internas y la realizaci\u00f3n de un trabajo transversal interdepartamental.<\/span><\/p>\n<p><span style=\"font-weight: 300;\">Nuestra trayectoria futura tambi\u00e9n implica dar continuidad a nuestro trabajo en \u00e1reas tan consolidadas como el <\/span><b>Urbanismo Participativo<\/b><span style=\"font-weight: 300;\"> y el <\/span><b>Dise\u00f1o Participativo de equipamientos p\u00fablicos y privados.<\/b><span style=\"font-weight: 300;\"> Estos dos \u00e1mbitos representan nuestras especialidades dentro de un marco m\u00e1s amplio de procesos participativos. Continuaremos brindando apoyo y <\/span><b>acompa\u00f1amiento en procesos participativos en varias \u00e1reas<\/b><span style=\"font-weight: 300;\">, como la social, econ\u00f3mica, salud, educaci\u00f3n, cultura, turismo, patrimonio, medio ambiente, nuevas tecnolog\u00edas, entre otras.<\/span><\/p>\n<p><b>El futuro de RAONS pasa por la innovaci\u00f3n constante, con el prop\u00f3sito de centrarnos en la mejora de la participaci\u00f3n ciudadana y la sociedad en conjunto. Estamos comprometidos con un futuro m\u00e1s participativo y m\u00e1s democratico!<\/b><\/p>\n"},"excerpt":{"rendered":"<p>Este a\u00f1o la cooperativa RAONS\u00a0 ha celebrado una d\u00e9cada en nuestro local de Poble-sec, pero nuestro camino empez\u00f3 el 2009. A lo largo de estos a\u00f1os hemos evolucionado desde el voluntariado al trabajo profesionalizado. La profesionalizaci\u00f3n de RAONS se manifiesta en la mejora y consolidaci\u00f3n de una metodolog\u00eda nacida de la praxis. Este proceso continuo [&hellip;]<\/p>\n","protected":false},"author":4,"featured_media":26580,"comment_status":"open","ping_status":"open","sticky":false,"template":"","format":"standard","meta":[],"categories":[207],"tags":[],"post_author":[],"acf":{"main_image":{"ID":26580,"id":26580,"title":"foto expo","filename":"foto-expo.png","filesize":2554846,"url":"https:\/\/raons.coop\/wp-content\/uploads\/2023\/12\/foto-expo.png","link":"https:\/\/raons.coop\/es\/blog\/raons-un-cami-que-va-comencar-el-2009\/foto-expo-2\/","alt":"","author":"4","description":"","caption":"","name":"foto-expo-2","status":"inherit","uploaded_to":26586,"date":"2023-12-20 22:00:53","modified":"2023-12-20 22:00:53","menu_order":0,"mime_type":"image\/png","type":"image","subtype":"png","icon":"https:\/\/raons.coop\/wp-includes\/images\/media\/default.png","width":1645,"height":865,"sizes":{"thumbnail":"https:\/\/raons.coop\/wp-content\/uploads\/2023\/12\/foto-expo-150x150.png","thumbnail-width":150,"thumbnail-height":150,"medium":"https:\/\/raons.coop\/wp-content\/uploads\/2023\/12\/foto-expo-300x158.png","medium-width":300,"medium-height":158,"medium_large":"https:\/\/raons.coop\/wp-content\/uploads\/2023\/12\/foto-expo-768x404.png","medium_large-width":768,"medium_large-height":404,"large":"https:\/\/raons.coop\/wp-content\/uploads\/2023\/12\/foto-expo-1024x538.png","large-width":1024,"large-height":538,"1536x1536":"https:\/\/raons.coop\/wp-content\/uploads\/2023\/12\/foto-expo-1536x808.png","1536x1536-width":1536,"1536x1536-height":808,"2048x2048":"https:\/\/raons.coop\/wp-content\/uploads\/2023\/12\/foto-expo.png","2048x2048-width":1645,"2048x2048-height":865}},"authorship":false,"related_posts":""},"_links":{"self":[{"href":"https:\/\/raons.coop\/es\/wp-json\/wp\/v2\/posts\/26586"}],"collection":[{"href":"https:\/\/raons.coop\/es\/wp-json\/wp\/v2\/posts"}],"about":[{"href":"https:\/\/raons.coop\/es\/wp-json\/wp\/v2\/types\/post"}],"author":[{"embeddable":true,"href":"https:\/\/raons.coop\/es\/wp-json\/wp\/v2\/users\/4"}],"replies":[{"embeddable":true,"href":"https:\/\/raons.coop\/es\/wp-json\/wp\/v2\/comments?post=26586"}],"version-history":[{"count":2,"href":"https:\/\/raons.coop\/es\/wp-json\/wp\/v2\/posts\/26586\/revisions"}],"predecessor-version":[{"id":26588,"href":"https:\/\/raons.coop\/es\/wp-json\/wp\/v2\/posts\/26586\/revisions\/26588"}],"wp:featuredmedia":[{"embeddable":true,"href":"https:\/\/raons.coop\/es\/wp-json\/wp\/v2\/media\/26580"}],"wp:attachment":[{"href":"https:\/\/raons.coop\/es\/wp-json\/wp\/v2\/media?parent=26586"}],"wp:term":[{"taxonomy":"category","embeddable":true,"href":"https:\/\/raons.coop\/es\/wp-json\/wp\/v2\/categories?post=26586"},{"taxonomy":"post_tag","embeddable":true,"href":"https:\/\/raons.coop\/es\/wp-json\/wp\/v2\/tags?post=26586"},{"taxonomy":"post_author","embeddable":true,"href":"https:\/\/raons.coop\/es\/wp-json\/wp\/v2\/post_author?post=26586"}],"curies":[{"name":"wp","href":"https:\/\/api.w.org\/{rel}","templated":true}]}}